{"id":76,"date":"2021-07-21T08:13:00","date_gmt":"2021-07-21T08:13:00","guid":{"rendered":"https:\/\/aiaweb.net\/?p=76"},"modified":"2024-07-17T06:23:57","modified_gmt":"2024-07-17T06:23:57","slug":"inicio-generico-subida-bolulla-tarbena","status":"publish","type":"post","link":"https:\/\/aiaweb.net\/?p=76","title":{"rendered":"\u00daltimas ediciones de la Subida Bolulla a T\u00e1rbena"},"content":{"rendered":"\t\t<div data-elementor-type=\"wp-post\" data-elementor-id=\"76\" class=\"elementor elementor-76\">\n\t\t\t\t<div class=\"elementor-element elementor-element-4640b27 e-flex e-con-boxed e-con e-parent\" data-id=\"4640b27\" data-element_type=\"container\" data-e-type=\"container\">\n\t\t\t\t\t<div class=\"e-con-inner\">\n\t\t\t\t<div class=\"elementor-element elementor-element-54e91542 elementor-widget elementor-widget-text-editor\" data-id=\"54e91542\" data-element_type=\"widget\" data-e-type=\"widget\" data-widget_type=\"text-editor.default\">\n\t\t\t\t<div class=\"elementor-widget-container\">\n\t\t\t\t\t\t\t\t\t<h2 style=\"text-align: center;\"><span style=\"text-decoration: underline;\"><strong>SUBIDA BOLULLA-T\u00c1RBENA<\/strong><\/span><\/h2><h4 style=\"text-align: center;\"><span style=\"color: #0000ff;\"><strong>Campeonato de Espa\u00f1a de Monta\u00f1a &#8211; CEM<\/strong><\/span><\/h4><h4 style=\"text-align: center;\"><span style=\"color: #ff9900;\"><strong>Campeonato de Monta\u00f1a de la Comunidad Valenciana<\/strong><\/span><\/h4><p style=\"text-align: center;\"><a href=\"https:\/\/aiaweb.net\/?p=85\"><img fetchpriority=\"high\" decoding=\"async\" class=\" size-full wp-image-74\" src=\"https:\/\/aiaweb.net\/wp-content\/uploads\/2021\/07\/Placa-2-SubidaBolulla-2021-450.png\" alt=\"Placa 2 SubidaBolulla 2021 450\" width=\"450\" height=\"252\" \/><\/a><\/p><p>\u00a0<\/p><p style=\"text-align: center;\"><a href=\"https:\/\/aiaweb.net\/?p=64\"><img decoding=\"async\" class=\" size-full wp-image-75\" src=\"https:\/\/aiaweb.net\/wp-content\/uploads\/2021\/07\/Placa_Final_ISubidaBolullaTarbena-Recalvi_2020_450.png\" alt=\"Placa Final ISubidaBolullaTarbena Recalvi 2020 450\" width=\"450\" height=\"250\" \/><\/a><\/p>\t\t\t\t\t\t\t\t<\/div>\n\t\t\t\t<\/div>\n\t\t\t\t\t<\/div>\n\t\t\t\t<\/div>\n\t\t\t\t<\/div>\n\t\t","protected":false},"excerpt":{"rendered":"<p>SUBIDA BOLULLA-T\u00c1RBENA Campeonato de Espa\u00f1a de Monta\u00f1a &#8211; CEM Campeonato de Monta\u00f1a de la Comunidad Valenciana \u00a0<\/p>\n","protected":false},"author":1,"featured_media":74,"comment_status":"closed","ping_status":"","sticky":false,"template":"","format":"standard","meta":{"_eb_attr":"","site-sidebar-layout":"default","site-content-layout":"","ast-site-content-layout":"default","site-content-style":"default","site-sidebar-style":"default","ast-global-header-display":"","ast-banner-title-visibility":"","ast-main-header-display":"","ast-hfb-above-header-display":"","ast-hfb-below-header-display":"","ast-hfb-mobile-header-display":"","site-post-title":"","ast-breadcrumbs-content":"","ast-featured-img":"","footer-sml-layout":"","ast-disable-related-posts":"","theme-transparent-header-meta":"","adv-header-id-meta":"","stick-header-meta":"","header-above-stick-meta":"","header-main-stick-meta":"","header-below-stick-meta":"","astra-migrate-meta-layouts":"default","ast-page-background-enabled":"default","ast-page-background-meta":{"desktop":{"background-color":"var(--ast-global-color-4)","background-image":"","background-repeat":"repeat","background-position":"center center","background-size":"auto","background-attachment":"scroll","background-type":"","background-media":"","overlay-type":"","overlay-color":"","overlay-opacity":"","overlay-gradient":""},"tablet":{"background-color":"","background-image":"","background-repeat":"repeat","background-position":"center center","background-size":"auto","background-attachment":"scroll","background-type":"","background-media":"","overlay-type":"","overlay-color":"","overlay-opacity":"","overlay-gradient":""},"mobile":{"background-color":"","background-image":"","background-repeat":"repeat","background-position":"center center","background-size":"auto","background-attachment":"scroll","background-type":"","background-media":"","overlay-type":"","overlay-color":"","overlay-opacity":"","overlay-gradient":""}},"ast-content-background-meta":{"desktop":{"background-color":"var(--ast-global-color-5)","background-image":"","background-repeat":"repeat","background-position":"center center","background-size":"auto","background-attachment":"scroll","background-type":"","background-media":"","overlay-type":"","overlay-color":"","overlay-opacity":"","overlay-gradient":""},"tablet":{"background-color":"var(--ast-global-color-5)","background-image":"","background-repeat":"repeat","background-position":"center center","background-size":"auto","background-attachment":"scroll","background-type":"","background-media":"","overlay-type":"","overlay-color":"","overlay-opacity":"","overlay-gradient":""},"mobile":{"background-color":"var(--ast-global-color-5)","background-image":"","background-repeat":"repeat","background-position":"center center","background-size":"auto","background-attachment":"scroll","background-type":"","background-media":"","overlay-type":"","overlay-color":"","overlay-opacity":"","overlay-gradient":""}},"footnotes":""},"categories":[3,6],"tags":[14,55,51,61,48,62,39,47,12,53,49,59,52,63],"class_list":["post-76","post","type-post","status-publish","format-standard","has-post-thumbnail","hentry","category-prensa","category-subida-bolulla-tarbena","tag-aia","tag-automovilismo","tag-bolulla","tag-campeonato","tag-cem","tag-comunidad","tag-costablanca","tag-espana","tag-facv","tag-montana","tag-rfeda","tag-subida","tag-tarbena","tag-valenciana"],"_links":{"self":[{"href":"https:\/\/aiaweb.net\/index.php?rest_route=\/wp\/v2\/posts\/76","targetHints":{"allow":["GET"]}}],"collection":[{"href":"https:\/\/aiaweb.net\/index.php?rest_route=\/wp\/v2\/posts"}],"about":[{"href":"https:\/\/aiaweb.net\/index.php?rest_route=\/wp\/v2\/types\/post"}],"author":[{"embeddable":true,"href":"https:\/\/aiaweb.net\/index.php?rest_route=\/wp\/v2\/users\/1"}],"replies":[{"embeddable":true,"href":"https:\/\/aiaweb.net\/index.php?rest_route=%2Fwp%2Fv2%2Fcomments&post=76"}],"version-history":[{"count":14,"href":"https:\/\/aiaweb.net\/index.php?rest_route=\/wp\/v2\/posts\/76\/revisions"}],"predecessor-version":[{"id":341,"href":"https:\/\/aiaweb.net\/index.php?rest_route=\/wp\/v2\/posts\/76\/revisions\/341"}],"wp:featuredmedia":[{"embeddable":true,"href":"https:\/\/aiaweb.net\/index.php?rest_route=\/wp\/v2\/media\/74"}],"wp:attachment":[{"href":"https:\/\/aiaweb.net\/index.php?rest_route=%2Fwp%2Fv2%2Fmedia&parent=76"}],"wp:term":[{"taxonomy":"category","embeddable":true,"href":"https:\/\/aiaweb.net\/index.php?rest_route=%2Fwp%2Fv2%2Fcategories&post=76"},{"taxonomy":"post_tag","embeddable":true,"href":"https:\/\/aiaweb.net\/index.php?rest_route=%2Fwp%2Fv2%2Ftags&post=76"}],"curies":[{"name":"wp","href":"https:\/\/api.w.org\/{rel}","templated":true}]}}