{"id":79,"date":"2021-07-13T06:44:00","date_gmt":"2021-07-13T06:44:00","guid":{"rendered":"https:\/\/aiaweb.net\/?p=79"},"modified":"2023-10-26T19:38:28","modified_gmt":"2023-10-26T19:38:28","slug":"home-subida-bolulla-tarbena-2021","status":"publish","type":"post","link":"https:\/\/aiaweb.net\/?p=79","title":{"rendered":"P\u00e1gina Principal 2\u00aa Subida Bolulla a T\u00e1rbena 2021"},"content":{"rendered":"\t\t<div data-elementor-type=\"wp-post\" data-elementor-id=\"79\" class=\"elementor elementor-79\">\n\t\t\t\t<div class=\"elementor-element elementor-element-cfd5b8c e-flex e-con-boxed e-con e-parent\" data-id=\"cfd5b8c\" data-element_type=\"container\" data-e-type=\"container\">\n\t\t\t\t\t<div class=\"e-con-inner\">\n\t\t\t\t<div class=\"elementor-element elementor-element-715994 elementor-widget elementor-widget-text-editor\" data-id=\"715994\" data-element_type=\"widget\" data-e-type=\"widget\" data-widget_type=\"text-editor.default\">\n\t\t\t\t<div class=\"elementor-widget-container\">\n\t\t\t\t\t\t\t\t\t<p style=\"text-align: center;\"><img fetchpriority=\"high\" decoding=\"async\" class=\" size-full wp-image-77\" src=\"https:\/\/aiaweb.net\/wp-content\/uploads\/2020\/07\/Cabecera-2-Subida-2021_800.jpg\" alt=\"Cabecera 2 Subida 2021 800\" width=\"800\" height=\"106\" srcset=\"https:\/\/aiaweb.net\/wp-content\/uploads\/2020\/07\/Cabecera-2-Subida-2021_800.jpg 800w, https:\/\/aiaweb.net\/wp-content\/uploads\/2020\/07\/Cabecera-2-Subida-2021_800-300x40.jpg 300w, https:\/\/aiaweb.net\/wp-content\/uploads\/2020\/07\/Cabecera-2-Subida-2021_800-768x102.jpg 768w\" sizes=\"(max-width: 800px) 100vw, 800px\" \/><\/p><p><!--&nbsp;<\/p>\n<table border=\"4\" style=\"margin-left: auto; margin-right: auto;\" cellpadding=\"0\">\n<tbody>\n<tr>\n<td style=\"text-align: center;\"><strong><span style=\"text-decoration: underline;\"><a href=\"https:\/\/drive.google.com\/file\/d\/1qUyR2_gLE1qFubKMViXRpsiIrOZjNqJO\/view?usp=sharing\" target=\"_blank\" rel=\"noopener\">&nbsp;PULSAR PARA VER <span style=\"color: #ff0000; text-decoration: underline;\">AVISO IMPORTANTE<\/span> PARA TODOS LOS PARTICIPANTES&nbsp;<\/a><\/span><\/strong><\/td>\n<\/tr>\n<\/tbody>\n<\/table>\n<p>--> <!--&nbsp;<\/p>\n<table border=\"4\" style=\"margin-left: auto; margin-right: auto;\" cellpadding=\"0\">\n<tbody>\n<tr>\n<td style=\"text-align: center;\">\n<p><strong><span style=\"text-decoration: underline;\">&nbsp;\u00a1\u00a1ATENCI\u00d3N!! <span style=\"color: #ff0000; text-decoration: underline;\">AVISO IMPORTANTE<\/span> PARA TODOS LOS AFICIONADOS ACREDITADOS<\/span><\/strong><\/p>\n<p style=\"text-align: justify;\">(1) Dentro del Tramo Cronometrado no se podr\u00e1n aparcar veh\u00edculos. Aquellos veh\u00edculos que estacionen dentro del Tramo Cronometrado ser\u00e1n retirados por gr\u00faas fuera del recorrido.<\/p>\n<p style=\"text-align: justify;\">(2) Para recoger las pulseras que otorgan el acceso a la prueba, ser\u00e1 de la siguiente manera:<\/p>\n<p style=\"text-align: justify;\">Viernes 16\/10, de 12:00 a 20:00 h., se recoger\u00e1n en una carpa ubicada en la entrada al casco urbano de Bolulla, en la parada del autob\u00fas.<\/p>\n<p style=\"text-align: justify;\">S\u00e1bado 17\/10, de 07:00 a 12:00 h. en las carpas situadas en los cortes de carretera de la CV-715, tanto accediendo a la prueba desde Callosa de Ensarri\u00e1 a Bolulla, como desde T\u00e1rbena hasta el Restaurante Sa Canterella.<\/p>\n<\/td>\n<\/tr>\n<\/tbody>\n<\/table>\n<p>--><\/p><table style=\"margin-left: auto; margin-right: auto;\" border=\"2\" cellpadding=\"0\"><tbody><tr><td style=\"text-align: center;\"><a href=\"https:\/\/aiaweb.net\/?p=81\" target=\"_blank\" rel=\"noopener\"><img decoding=\"async\" class=\" size-full wp-image-53\" src=\"https:\/\/aiaweb.net\/wp-content\/uploads\/2020\/07\/documentos_256.png\" alt=\"\" width=\"210\" srcset=\"https:\/\/aiaweb.net\/wp-content\/uploads\/2020\/07\/documentos_256.png 422w, https:\/\/aiaweb.net\/wp-content\/uploads\/2020\/07\/documentos_256-300x182.png 300w\" sizes=\"(max-width: 422px) 100vw, 422px\" \/><\/a><\/td><td style=\"text-align: center;\"><!--<a href=\"index.php?option=com_content&amp;view=article&amp;id=27;tramites-subida-bolulla-tarbena-2&amp;catid=13;subida-bolulla-tarbena\" target=\"_blank\" rel=\"noopener\">--><a href=\"index.php?option=com_content&amp;view=article&amp;id=36;tramites-subida-bolulla-tarbena-2021&amp;catid=14;2-subida-bolulla-2021\"><img decoding=\"async\" class=\" size-full wp-image-54\" src=\"https:\/\/aiaweb.net\/wp-content\/uploads\/2020\/07\/Tramites_3.png\" alt=\"\" width=\"210\" srcset=\"https:\/\/aiaweb.net\/wp-content\/uploads\/2020\/07\/Tramites_3.png 256w, https:\/\/aiaweb.net\/wp-content\/uploads\/2020\/07\/Tramites_3-150x150.png 150w\" sizes=\"(max-width: 256px) 100vw, 256px\" \/><\/a><!--<\/a>--><\/td><td style=\"text-align: center;\"><a href=\"http:\/\/fotomotor.es\/competicion\/1960\/descargas\/\" target=\"_blank\" rel=\"noopener\"><img decoding=\"async\" class=\" size-full wp-image-55\" src=\"https:\/\/aiaweb.net\/wp-content\/uploads\/2020\/07\/Tablon_Avisos_1.jpg\" alt=\"\" width=\"210\" \/><\/a><\/td><\/tr><tr><td style=\"text-align: center;\"><a href=\"https:\/\/aiaweb.net\/?p=81\" target=\"_blank\" rel=\"noopener\">DOCUMENTOS-REGLAMENTOS<\/a><\/td><td style=\"text-align: center;\"><a href=\"index.php?option=com_content&amp;view=article&amp;id=36;tramites-subida-bolulla-tarbena-2021&amp;catid=14;2-subida-bolulla-2021\" target=\"_blank\" rel=\"noopener\">TR\u00c1MITES Y SOLICITUDES<\/a><\/td><td style=\"text-align: center;\"><a href=\"http:\/\/fotomotor.es\/competicion\/1960\/descargas\/\" target=\"_blank\" rel=\"noopener\">TABLON OFICIAL DE AVISOS<\/a><\/td><\/tr><\/tbody><\/table><table style=\"margin-left: auto; margin-right: auto;\" border=\"2\" cellpadding=\"0\"><tbody><tr><td style=\"text-align: center;\"><a href=\"http:\/\/fotomotor.es\/competicion\/1960\/ii-subida-bolulla---tarbena-2021\/\" target=\"_blank\" rel=\"noopener\"><img decoding=\"async\" class=\" size-full wp-image-50\" src=\"https:\/\/aiaweb.net\/wp-content\/uploads\/2020\/07\/Fotomotor_450.png\" alt=\"\" width=\"210\" srcset=\"https:\/\/aiaweb.net\/wp-content\/uploads\/2020\/07\/Fotomotor_450.png 450w, https:\/\/aiaweb.net\/wp-content\/uploads\/2020\/07\/Fotomotor_450-300x118.png 300w\" sizes=\"(max-width: 450px) 100vw, 450px\" \/><\/a><\/td><td style=\"text-align: center;\"><!--<a href=\"http:\/\/www.fotomotor.es\/competicion\/1960\/inscritos\/\" target=\"_blank\" rel=\"noopener\">--> <a href=\"https:\/\/drive.google.com\/file\/d\/1rOqBvt8x-7QltT-tcZLcmKv7yickzNWu\/view?usp=sharing\" target=\"_blank\" rel=\"noopener\"> <img decoding=\"async\" class=\" size-full wp-image-51\" src=\"https:\/\/aiaweb.net\/wp-content\/uploads\/2020\/07\/Listado_Inscritos_D.jpg\" alt=\"\" height=\"210\" srcset=\"https:\/\/aiaweb.net\/wp-content\/uploads\/2020\/07\/Listado_Inscritos_D.jpg 225w, https:\/\/aiaweb.net\/wp-content\/uploads\/2020\/07\/Listado_Inscritos_D-150x150.jpg 150w\" sizes=\"(max-width: 225px) 100vw, 225px\" \/><\/a><\/td><!--<\/p>\n<td style=\"text-align: center;\"><a href=\"https:\/\/onda15.es\/radio\/onlinetv\" target=\"_blank\" rel=\"noopener\"><img decoding=\"async\" class=\" size-full wp-image-52\" src=\"https:\/\/aiaweb.net\/wp-content\/uploads\/2020\/07\/Logo_TV.jpg\" alt=\"\" width=\"210\" \/><\/a><\/td>\n<p>--> <!--<\/p>\n<td style=\"text-align: center;\"><img decoding=\"async\" class=\" size-full wp-image-52\" src=\"https:\/\/aiaweb.net\/wp-content\/uploads\/2020\/07\/Logo_TV.jpg\" alt=\"\" width=\"210\" \/><\/td>\n<p>--><td style=\"text-align: center;\"><a href=\"https:\/\/drive.google.com\/file\/d\/1u2Mmo2hq7xlOHBho3LUqqYN2TJfq_VPw\/view?usp=sharing\" target=\"_blank\" rel=\"noopener\"><img decoding=\"async\" class=\" size-full wp-image-56\" src=\"https:\/\/aiaweb.net\/wp-content\/uploads\/2020\/07\/ProgramaHorario.png\" alt=\"\" width=\"180\" srcset=\"https:\/\/aiaweb.net\/wp-content\/uploads\/2020\/07\/ProgramaHorario.png 225w, https:\/\/aiaweb.net\/wp-content\/uploads\/2020\/07\/ProgramaHorario-150x150.png 150w\" sizes=\"(max-width: 225px) 100vw, 225px\" \/><\/a><\/td><\/tr><tr><td style=\"text-align: center;\"><a href=\"http:\/\/fotomotor.es\/competicion\/1960\/ii-subida-bolulla---tarbena-2021\/\" target=\"_blank\" rel=\"noopener\">TIEMPOS Y CLASIFICACIONES<\/a><\/td><td style=\"text-align: center;\"><!--<a href=\"http:\/\/www.fotomotor.es\/competicion\/1960\/inscritos\/\" target=\"_blank\" rel=\"noopener\">--> <a href=\"https:\/\/drive.google.com\/file\/d\/1rOqBvt8x-7QltT-tcZLcmKv7yickzNWu\/view?usp=sharing\" target=\"_blank\" rel=\"noopener\">LISTA OFICIAL DE INSCRITOS<\/a><\/td><!--<\/p>\n<td style=\"text-align: center;\">S\u00cdGUELO EN TV POR INTERNET<\/td>\n<p>--><td style=\"text-align: center;\">\u00a0<a href=\"https:\/\/drive.google.com\/file\/d\/1u2Mmo2hq7xlOHBho3LUqqYN2TJfq_VPw\/view?usp=sharing\" target=\"_blank\" rel=\"noopener\">HORARIOS DE CARRERAS<\/a>\u00a0<\/td><\/tr><\/tbody><\/table><table style=\"margin-left: auto; margin-right: auto;\" border=\"2\" cellpadding=\"0\"><tbody><tr><!--<\/p>\n<td style=\"text-align: center;\"><a href=\"https:\/\/drive.google.com\/file\/d\/1itvknfNk5N8gG5htWGAcOMP6_YkNG7u3\/view?usp=sharing\" target=\"_blank\" rel=\"noopener\"><img decoding=\"async\" class=\" size-full wp-image-56\" src=\"https:\/\/aiaweb.net\/wp-content\/uploads\/2020\/07\/ProgramaHorario.png\" alt=\"\" width=\"180\" srcset=\"https:\/\/aiaweb.net\/wp-content\/uploads\/2020\/07\/ProgramaHorario.png 225w, https:\/\/aiaweb.net\/wp-content\/uploads\/2020\/07\/ProgramaHorario-150x150.png 150w\" sizes=\"(max-width: 225px) 100vw, 225px\" \/><\/a><\/td>\n<p>--><td style=\"text-align: center;\"><a href=\"https:\/\/drive.google.com\/file\/d\/1ZCV-A-AFqJ2K7W16ysrVQTgKrB1FdSSE\/view?usp=sharing\" target=\"_blank\" rel=\"noopener\"><img decoding=\"async\" class=\"wp-image-224 aligncenter\" src=\"https:\/\/aiaweb.net\/wp-content\/uploads\/2023\/10\/Logo-Hotel.png\" alt=\"\" width=\"117\" height=\"122\" \/><\/a><\/td><td style=\"text-align: center;\"><a href=\"https:\/\/www.sacanterella.es\/\" target=\"_blank\" rel=\"noopener\"><img decoding=\"async\" class=\" size-full wp-image-57\" src=\"https:\/\/aiaweb.net\/wp-content\/uploads\/2020\/07\/Logo_Sa_Canterella_2_280.jpg\" alt=\"\" width=\"230\" \/><\/a><\/td><td style=\"text-align: center;\"><a href=\"index.php?option=com_content&amp;view=article&amp;id=36;tramites-subida-bolulla-tarbena-2021&amp;catid=14;2-subida-bolulla-2021&amp;Itemid=101\" target=\"_self\" rel=\"noopener\"><img decoding=\"async\" class=\" size-full wp-image-47\" src=\"https:\/\/aiaweb.net\/wp-content\/uploads\/2020\/07\/Logo_Covid.jpg\" alt=\"\" width=\"210\" srcset=\"https:\/\/aiaweb.net\/wp-content\/uploads\/2020\/07\/Logo_Covid.jpg 640w, https:\/\/aiaweb.net\/wp-content\/uploads\/2020\/07\/Logo_Covid-300x225.jpg 300w\" sizes=\"(max-width: 640px) 100vw, 640px\" \/><\/a><\/td><\/tr><tr><!--<\/p>\n<td style=\"text-align: center;\">&nbsp;<a href=\"https:\/\/drive.google.com\/file\/d\/1itvknfNk5N8gG5htWGAcOMP6_YkNG7u3\/view?usp=sharing\" target=\"_blank\" rel=\"noopener\">HORARIOS DE CARRERAS<\/a>&nbsp;<\/td>\n<p>--><td style=\"text-align: center;\">\u00a0<a href=\"https:\/\/drive.google.com\/file\/d\/1ZCV-A-AFqJ2K7W16ysrVQTgKrB1FdSSE\/view?usp=sharing\" target=\"_blank\" rel=\"noopener\">ALOJAMIENTOS RECOMENDADOS<\/a>\u00a0<\/td><td style=\"text-align: center;\"><a href=\"https:\/\/www.sacanterella.es\/\" target=\"_blank\" rel=\"noopener\">\u00a0RESTAURANTE RECOMENDADO\u00a0<\/a><\/td><td style=\"text-align: center;\"><a href=\"index.php?option=com_content&amp;view=article&amp;id=36;tramites-subida-bolulla-tarbena-2021&amp;catid=14;2-subida-bolulla-2021&amp;Itemid=101\" target=\"_self\" rel=\"noopener\">\u00a1\u00a1PROTOCOLO COVID-19!!<\/a><\/td><\/tr><\/tbody><\/table><p><!--Quito del style: width: 650px;--><\/p><table style=\"margin-left: auto; margin-right: auto; width: 192px; height: 184px;\" border=\"2\" cellpadding=\"0\"><tbody><tr><td style=\"text-align: center;\"><a href=\"https:\/\/drive.google.com\/drive\/folders\/1fgSi0Qta3YKY2jLaEzjTlx_kBfPYRbbm?usp=sharing\" target=\"_blank\" rel=\"noopener\"><img decoding=\"async\" class=\" size-full wp-image-78\" src=\"https:\/\/aiaweb.net\/wp-content\/uploads\/2020\/07\/logo-Prensa-2.png\" alt=\"logo Prensa 2\" width=\"148\" height=\"148\" srcset=\"https:\/\/aiaweb.net\/wp-content\/uploads\/2020\/07\/logo-Prensa-2.png 512w, https:\/\/aiaweb.net\/wp-content\/uploads\/2020\/07\/logo-Prensa-2-300x300.png 300w, https:\/\/aiaweb.net\/wp-content\/uploads\/2020\/07\/logo-Prensa-2-150x150.png 150w\" sizes=\"(max-width: 148px) 100vw, 148px\" \/><\/a><\/td><\/tr><tr><td style=\"text-align: center;\"><a href=\"https:\/\/drive.google.com\/drive\/folders\/1fgSi0Qta3YKY2jLaEzjTlx_kBfPYRbbm?usp=sharing\" target=\"_blank\" rel=\"noopener\">COMUNICADOS DE PRENSA<\/a><\/td><\/tr><\/tbody><\/table><p><!--Quito del style: width: 650px;--><\/p><table style=\"margin-left: auto; margin-right: auto;\" border=\"2\" cellpadding=\"0\"><tbody><tr><td style=\"text-align: center;\"><a href=\"https:\/\/aiaweb.net\/wp-content\/uploads\/2020\/07\/Basura_logo.jpg\" target=\"_blank\" rel=\"noopener\"><img decoding=\"async\" src=\"https:\/\/aiaweb.net\/wp-content\/uploads\/2020\/07\/Basura_logo.jpg\" alt=\"\" width=\"240\" \/><\/a><\/td><!--<\/p>\n<td style=\"text-align: center;\"><a href=\"index.php\/subida-bolulla-tarbena\/13-subida-bolulla-tarbena\/27-tramites-subida-bolulla-tarbena-2\" target=\"_blank\" rel=\"noopener\"><img decoding=\"async\" class=\" size-full wp-image-47\" src=\"https:\/\/aiaweb.net\/wp-content\/uploads\/2020\/07\/Logo_Covid.jpg\" alt=\"\" width=\"210\" srcset=\"https:\/\/aiaweb.net\/wp-content\/uploads\/2020\/07\/Logo_Covid.jpg 640w, https:\/\/aiaweb.net\/wp-content\/uploads\/2020\/07\/Logo_Covid-300x225.jpg 300w\" sizes=\"(max-width: 640px) 100vw, 640px\" \/><\/a><\/td>\n<td style=\"text-align: center;\"><img decoding=\"async\" class=\" size-full wp-image-47\" src=\"https:\/\/aiaweb.net\/wp-content\/uploads\/2020\/07\/Logo_Covid.jpg\" alt=\"\" width=\"210\" srcset=\"https:\/\/aiaweb.net\/wp-content\/uploads\/2020\/07\/Logo_Covid.jpg 640w, https:\/\/aiaweb.net\/wp-content\/uploads\/2020\/07\/Logo_Covid-300x225.jpg 300w\" sizes=\"(max-width: 640px) 100vw, 640px\" \/><\/td>\n<p>--><td style=\"text-align: center;\"><a href=\"https:\/\/aiaweb.net\/wp-content\/uploads\/2020\/07\/Protege_Medio_Ambiente_logo.jpg\" target=\"_blank\" rel=\"noopener\"><img decoding=\"async\" src=\"https:\/\/aiaweb.net\/wp-content\/uploads\/2020\/07\/Protege_Medio_Ambiente_logo.jpg\" alt=\"\" width=\"210\" \/><\/a><\/td><\/tr><tr><td style=\"text-align: center;\"><a href=\"https:\/\/aiaweb.net\/wp-content\/uploads\/2020\/07\/Basura_logo.jpg\" target=\"_blank\" rel=\"noopener\">\u00a1\u00a1NO DEJES BASURA!!<\/a><\/td><!--<\/p>\n<td style=\"text-align: center;\"><a href=\"index.php\/subida-bolulla-tarbena\/13-subida-bolulla-tarbena\/27-tramites-subida-bolulla-tarbena-2\" target=\"_blank\" rel=\"noopener\"> \u00a1\u00a1PROTOCOLO COVID-19!!<\/a><\/td>\n<p>--><td style=\"text-align: center;\"><a href=\"https:\/\/aiaweb.net\/wp-content\/uploads\/2020\/07\/Protege_Medio_Ambiente_logo.jpg\" target=\"_blank\" rel=\"noopener\">\u00a1\u00a1 COLABORA CON EL MEDIO AMBIENTE !!<\/a><\/td><\/tr><\/tbody><\/table><table style=\"width: 210px; margin-left: auto; margin-right: auto;\" border=\"2\" cellpadding=\"0\"><tbody><tr><td style=\"text-align: center;\"><a href=\"index.php?option=com_content&amp;view=article&amp;id=1;contacto&amp;catid=10;general\"><img decoding=\"async\" class=\" size-full wp-image-60\" src=\"https:\/\/aiaweb.net\/wp-content\/uploads\/2020\/07\/Logo_ACAIA.jpg\" alt=\"\" width=\"210\" srcset=\"https:\/\/aiaweb.net\/wp-content\/uploads\/2020\/07\/Logo_ACAIA.jpg 346w, https:\/\/aiaweb.net\/wp-content\/uploads\/2020\/07\/Logo_ACAIA-300x114.jpg 300w\" sizes=\"(max-width: 346px) 100vw, 346px\" \/><\/a><\/td><\/tr><tr><td style=\"text-align: center;\"><a href=\"index.php?option=com_content&amp;view=article&amp;id=1;contacto&amp;catid=10;general\">CONTACTO CON LA ORG<\/a><\/td><\/tr><\/tbody><\/table><p><a href=\"http:\/\/s01.flagcounter.com\/more\/EdX8\"><img decoding=\"async\" src=\"https:\/\/s01.flagcounter.com\/count2\/EdX8\/bg_FFFFFF\/txt_000000\/border_CCCCCC\/columns_2\/maxflags_10\/viewers_Visitas+a+esta+Web\/labels_1\/pageviews_1\/flags_0\/percent_0\/\" alt=\"Flag Counter\" border=\"0\" \/><\/a><\/p><p><!-- width: 580px; --><\/p>\t\t\t\t\t\t\t\t<\/div>\n\t\t\t\t<\/div>\n\t\t\t\t\t<\/div>\n\t\t\t\t<\/div>\n\t\t\t\t<\/div>\n\t\t","protected":false},"excerpt":{"rendered":"<p>DOCUMENTOS-REGLAMENTOS TR\u00c1MITES Y SOLICITUDES TABLON OFICIAL DE AVISOS TIEMPOS Y CLASIFICACIONES LISTA OFICIAL DE INSCRITOS \u00a0HORARIOS DE CARRERAS\u00a0 \u00a0ALOJAMIENTOS RECOMENDADOS\u00a0 \u00a0RESTAURANTE RECOMENDADO\u00a0 \u00a1\u00a1PROTOCOLO COVID-19!! COMUNICADOS DE PRENSA \u00a1\u00a1NO DEJES BASURA!! \u00a1\u00a1 COLABORA CON EL MEDIO AMBIENTE !! CONTACTO CON LA ORG<\/p>\n","protected":false},"author":1,"featured_media":74,"comment_status":"closed","ping_status":"","sticky":false,"template":"","format":"standard","meta":{"_eb_attr":"","site-sidebar-layout":"default","site-content-layout":"","ast-site-content-layout":"default","site-content-style":"default","site-sidebar-style":"default","ast-global-header-display":"","ast-banner-title-visibility":"","ast-main-header-display":"","ast-hfb-above-header-display":"","ast-hfb-below-header-display":"","ast-hfb-mobile-header-display":"","site-post-title":"","ast-breadcrumbs-content":"","ast-featured-img":"","footer-sml-layout":"","ast-disable-related-posts":"","theme-transparent-header-meta":"","adv-header-id-meta":"","stick-header-meta":"","header-above-stick-meta":"","header-main-stick-meta":"","header-below-stick-meta":"","astra-migrate-meta-layouts":"default","ast-page-background-enabled":"default","ast-page-background-meta":{"desktop":{"background-color":"var(--ast-global-color-4)","background-image":"","background-repeat":"repeat","background-position":"center center","background-size":"auto","background-attachment":"scroll","background-type":"","background-media":"","overlay-type":"","overlay-color":"","overlay-opacity":"","overlay-gradient":""},"tablet":{"background-color":"","background-image":"","background-repeat":"repeat","background-position":"center center","background-size":"auto","background-attachment":"scroll","background-type":"","background-media":"","overlay-type":"","overlay-color":"","overlay-opacity":"","overlay-gradient":""},"mobile":{"background-color":"","background-image":"","background-repeat":"repeat","background-position":"center center","background-size":"auto","background-attachment":"scroll","background-type":"","background-media":"","overlay-type":"","overlay-color":"","overlay-opacity":"","overlay-gradient":""}},"ast-content-background-meta":{"desktop":{"background-color":"var(--ast-global-color-5)","background-image":"","background-repeat":"repeat","background-position":"center center","background-size":"auto","background-attachment":"scroll","background-type":"","background-media":"","overlay-type":"","overlay-color":"","overlay-opacity":"","overlay-gradient":""},"tablet":{"background-color":"var(--ast-global-color-5)","background-image":"","background-repeat":"repeat","background-position":"center center","background-size":"auto","background-attachment":"scroll","background-type":"","background-media":"","overlay-type":"","overlay-color":"","overlay-opacity":"","overlay-gradient":""},"mobile":{"background-color":"var(--ast-global-color-5)","background-image":"","background-repeat":"repeat","background-position":"center center","background-size":"auto","background-attachment":"scroll","background-type":"","background-media":"","overlay-type":"","overlay-color":"","overlay-opacity":"","overlay-gradient":""}},"footnotes":""},"categories":[7],"tags":[64,14,55,51,61,48,62,47,12,53,49,59,52,63],"class_list":["post-79","post","type-post","status-publish","format-standard","has-post-thumbnail","hentry","category-2-subida-bolulla-2021","tag-64","tag-aia","tag-automovilismo","tag-bolulla","tag-campeonato","tag-cem","tag-comunidad","tag-espana","tag-facv","tag-montana","tag-rfeda","tag-subida","tag-tarbena","tag-valenciana"],"_links":{"self":[{"href":"https:\/\/aiaweb.net\/index.php?rest_route=\/wp\/v2\/posts\/79","targetHints":{"allow":["GET"]}}],"collection":[{"href":"https:\/\/aiaweb.net\/index.php?rest_route=\/wp\/v2\/posts"}],"about":[{"href":"https:\/\/aiaweb.net\/index.php?rest_route=\/wp\/v2\/types\/post"}],"author":[{"embeddable":true,"href":"https:\/\/aiaweb.net\/index.php?rest_route=\/wp\/v2\/users\/1"}],"replies":[{"embeddable":true,"href":"https:\/\/aiaweb.net\/index.php?rest_route=%2Fwp%2Fv2%2Fcomments&post=79"}],"version-history":[{"count":10,"href":"https:\/\/aiaweb.net\/index.php?rest_route=\/wp\/v2\/posts\/79\/revisions"}],"predecessor-version":[{"id":274,"href":"https:\/\/aiaweb.net\/index.php?rest_route=\/wp\/v2\/posts\/79\/revisions\/274"}],"wp:featuredmedia":[{"embeddable":true,"href":"https:\/\/aiaweb.net\/index.php?rest_route=\/wp\/v2\/media\/74"}],"wp:attachment":[{"href":"https:\/\/aiaweb.net\/index.php?rest_route=%2Fwp%2Fv2%2Fmedia&parent=79"}],"wp:term":[{"taxonomy":"category","embeddable":true,"href":"https:\/\/aiaweb.net\/index.php?rest_route=%2Fwp%2Fv2%2Fcategories&post=79"},{"taxonomy":"post_tag","embeddable":true,"href":"https:\/\/aiaweb.net\/index.php?rest_route=%2Fwp%2Fv2%2Ftags&post=79"}],"curies":[{"name":"wp","href":"https:\/\/api.w.org\/{rel}","templated":true}]}}