{"id":81,"date":"2021-07-08T08:51:00","date_gmt":"2021-07-08T08:51:00","guid":{"rendered":"https:\/\/aiaweb.net\/?p=81"},"modified":"2023-10-26T19:44:21","modified_gmt":"2023-10-26T19:44:21","slug":"docs-subida-bolulla-tarbena-2021","status":"publish","type":"post","link":"https:\/\/aiaweb.net\/?p=81","title":{"rendered":"Documentos Subida Bolulla-T\u00e1rbena 2021"},"content":{"rendered":"\t\t<div data-elementor-type=\"wp-post\" data-elementor-id=\"81\" class=\"elementor elementor-81\">\n\t\t\t\t<div class=\"elementor-element elementor-element-20443e61 e-flex e-con-boxed e-con e-parent\" data-id=\"20443e61\" data-element_type=\"container\" data-e-type=\"container\">\n\t\t\t\t\t<div class=\"e-con-inner\">\n\t\t\t\t<div class=\"elementor-element elementor-element-18accdb1 elementor-widget elementor-widget-text-editor\" data-id=\"18accdb1\" data-element_type=\"widget\" data-e-type=\"widget\" data-widget_type=\"text-editor.default\">\n\t\t\t\t<div class=\"elementor-widget-container\">\n\t\t\t\t\t\t\t\t\t<p style=\"text-align: center;\"><img fetchpriority=\"high\" decoding=\"async\" width=\"800\" height=\"106\" class=\"wp-image-77 aligncenter\" src=\"https:\/\/aiaweb.net\/wp-content\/uploads\/2020\/07\/Cabecera-2-Subida-2021_800.jpg\" alt=\"Cabecera 2 Subida 2021 800\" srcset=\"https:\/\/aiaweb.net\/wp-content\/uploads\/2020\/07\/Cabecera-2-Subida-2021_800.jpg 800w, https:\/\/aiaweb.net\/wp-content\/uploads\/2020\/07\/Cabecera-2-Subida-2021_800-300x40.jpg 300w, https:\/\/aiaweb.net\/wp-content\/uploads\/2020\/07\/Cabecera-2-Subida-2021_800-768x102.jpg 768w\" sizes=\"(max-width: 800px) 100vw, 800px\" \/><\/p><h2 style=\"text-align: center;\"><span style=\"text-decoration: underline; color: #ff0000;\"><strong>Documentos y Reglamentos para Participantes<\/strong><\/span><\/h2><p><!--<\/p>\n<td style=\"text-align: center;\"><a href=\"https:\/\/drive.google.com\/file\/d\/1FTrButngv30d_2iIBN3omxFEOR8hb1PZ\/view?usp=sharing\" target=\"_blank\" rel=\"noopener\"> <img decoding=\"async\" class=\" size-full wp-image-43\" src=\"https:\/\/aiaweb.net\/wp-content\/uploads\/2020\/07\/Logo_Descargar_1.jpg\" alt=\"\" width=\"30\" \/><\/a><\/td>\n<p>--><\/p><p><!--<\/p>\n<tr>\n<td>Complemento N\u00ba 2 al Reglamento Particular FACV<\/td>\n<td style=\"text-align: center;\"><a href=\"https:\/\/drive.google.com\/file\/d\/1LwogqvkeiAkVxqNzgRRCFsBJoWNEjdJY\/view?usp=sharing\" target=\"_blank\" rel=\"noopener\"> <img decoding=\"async\" class=\" size-full wp-image-43\" src=\"https:\/\/aiaweb.net\/wp-content\/uploads\/2020\/07\/Logo_Descargar_1.jpg\" alt=\"\" width=\"30\" \/> <\/a><\/td>\n<\/tr>\n<p>--><\/p><p><!--<\/p>\n<tr>\n<td>Otros Reglamentos y Anexos FACV<\/td>\n<td style=\"text-align: center;\"><img decoding=\"async\" class=\" size-full wp-image-44\" src=\"https:\/\/aiaweb.net\/wp-content\/uploads\/2020\/07\/Flecha_Der_40x40.jpg\" alt=\"\" width=\"30\" \/><\/td>\n<\/tr>\n<p>--><\/p><table border=\"2\"><tbody><tr><td style=\"text-align: center;\"><span style=\"color: #ff0000;\"><strong>Campeonato de Espa\u00f1a de Monta\u00f1a &#8211; CEM &#8211; RFEdA<\/strong><\/span><\/td><td>\u00a0<\/td><\/tr><tr><td>Permiso de Organizaci\u00f3n de la RFEdA<\/td><td style=\"text-align: center;\"><img decoding=\"async\" class=\" size-full wp-image-43\" src=\"https:\/\/aiaweb.net\/wp-content\/uploads\/2020\/07\/Logo_Descargar_1.jpg\" alt=\"\" width=\"30\" \/><\/td><\/tr><tr><td>Reglamento Particular CEM<\/td><td style=\"text-align: center;\"><a href=\"https:\/\/drive.google.com\/file\/d\/1Xf0MfIwXv6atgyG1AFsfKfzQ_dR-dFfo\/view?usp=sharing\" target=\"_blank\" rel=\"noopener\"> <img decoding=\"async\" class=\" size-full wp-image-43\" src=\"https:\/\/aiaweb.net\/wp-content\/uploads\/2020\/07\/Logo_Descargar_1.jpg\" alt=\"\" width=\"30\" \/> <\/a><\/td><\/tr><tr><td>Reglamento Deportivo Monta\u00f1a CEM<\/td><td style=\"text-align: center;\"><a href=\"https:\/\/www.rfeda.es\/documents\/20185\/1160369\/00+CEM+2021+RD+Reglamento+Deportivo.pdf\" target=\"_blank\" rel=\"noopener\"><img decoding=\"async\" class=\" size-full wp-image-44\" src=\"https:\/\/aiaweb.net\/wp-content\/uploads\/2020\/07\/Flecha_Der_40x40.jpg\" alt=\"\" width=\"30\" \/><\/a><\/td><\/tr><tr><td>Reglamento T\u00e9cnico CEM<\/td><td style=\"text-align: center;\"><a href=\"https:\/\/www.rfeda.es\/documents\/20185\/1160369\/04+CEM+2021+RD+Reglamento+Tecnico.pdf\" target=\"_blank\" rel=\"noopener\"><img decoding=\"async\" class=\" size-full wp-image-45\" src=\"https:\/\/aiaweb.net\/wp-content\/uploads\/2020\/07\/Logo_pdf_40x40.jpg\" alt=\"\" width=\"30\" \/><\/a><\/td><\/tr><tr><td>Recordatorio Concursantes CEM<\/td><td style=\"text-align: center;\"><a href=\"https:\/\/www.rfeda.es\/documents\/20185\/1160369\/08.2+CEM+2021+RD+Recordatorio+Concursantes.pdf\" target=\"_blank\" rel=\"noopener\"><img decoding=\"async\" class=\" size-full wp-image-45\" src=\"https:\/\/aiaweb.net\/wp-content\/uploads\/2020\/07\/Logo_pdf_40x40.jpg\" alt=\"\" width=\"30\" \/><\/a><\/td><\/tr><tr><td>Ficha Equipamiento de Seguridad Participantes CEM<\/td><td style=\"text-align: center;\"><a href=\"http:\/\/www.rfeda.es\/fichas-equipamiento-seguridad\" target=\"_blank\" rel=\"noopener\"><img decoding=\"async\" class=\" size-full wp-image-44\" src=\"https:\/\/aiaweb.net\/wp-content\/uploads\/2020\/07\/Flecha_Der_40x40.jpg\" alt=\"\" width=\"30\" \/><\/a><\/td><\/tr><tr><td>Otros Reglamentos y Anexos CEM (RFEdA)<\/td><td style=\"text-align: center;\"><a href=\"https:\/\/www.rfeda.es\/campeonato-de-espana-de-montana\" target=\"_blank\" rel=\"noopener\"><img decoding=\"async\" class=\" size-full wp-image-44\" src=\"https:\/\/aiaweb.net\/wp-content\/uploads\/2020\/07\/Flecha_Der_40x40.jpg\" alt=\"\" width=\"30\" \/><\/a><\/td><\/tr><tr><td>Protocolo Sanitario COVID-19 de la RFEdA<\/td><td style=\"text-align: center;\"><a href=\"https:\/\/drive.google.com\/file\/d\/1BO2oZg0r5tg6J55kwf6jNv5BFgABjurY\/view?usp=sharing\" target=\"_blank\" rel=\"noopener\"><img decoding=\"async\" class=\" size-full wp-image-47\" src=\"https:\/\/aiaweb.net\/wp-content\/uploads\/2020\/07\/Logo_Covid.jpg\" alt=\"\" width=\"40\" srcset=\"https:\/\/aiaweb.net\/wp-content\/uploads\/2020\/07\/Logo_Covid.jpg 640w, https:\/\/aiaweb.net\/wp-content\/uploads\/2020\/07\/Logo_Covid-300x225.jpg 300w\" sizes=\"(max-width: 640px) 100vw, 640px\" \/><\/a><\/td><\/tr><tr><td style=\"text-align: center;\"><span style=\"color: #ff0000;\"><strong>Campeonato de Monta\u00f1a de la Comunidad Valenciana &#8211; FACV<\/strong><\/span><\/td><td>\u00a0<\/td><\/tr><tr><td>Permiso de Organizaci\u00f3n de la FACV<\/td><td style=\"text-align: center;\"><a href=\"https:\/\/drive.google.com\/file\/d\/1FSMebOjOnLNc1hIpVMGoJqF84-Te8p1f\/view?usp=sharing\" target=\"_blank\" rel=\"noopener\"> <img decoding=\"async\" class=\" size-full wp-image-43\" src=\"https:\/\/aiaweb.net\/wp-content\/uploads\/2020\/07\/Logo_Descargar_1.jpg\" alt=\"\" width=\"30\" \/><\/a><\/td><\/tr><tr><td>Reglamento Particular FACV<\/td><td style=\"text-align: center;\"><a href=\"https:\/\/drive.google.com\/file\/d\/14sZhJRZGvaIe7dn_HhEBes-cNlDV8a7T\/view?usp=sharing\" target=\"_blank\" rel=\"noopener\"> <img decoding=\"async\" class=\" size-full wp-image-43\" src=\"https:\/\/aiaweb.net\/wp-content\/uploads\/2020\/07\/Logo_Descargar_1.jpg\" alt=\"\" width=\"30\" \/> <\/a><\/td><\/tr><tr><td>Complemento N\u00ba 1 al Reglamento Particular FACV &#8211; Programa Horario<\/td><td style=\"text-align: center;\"><a href=\"https:\/\/drive.google.com\/file\/d\/13Q3zU5MiSZHsJEdrUW-yVZt5y4NtByww\/view?usp=sharing\" target=\"_blank\" rel=\"noopener\"> <img decoding=\"async\" class=\" size-full wp-image-43\" src=\"https:\/\/aiaweb.net\/wp-content\/uploads\/2020\/07\/Logo_Descargar_1.jpg\" alt=\"\" width=\"30\" \/> <\/a><\/td><\/tr><tr><td>Reglamento Deportivo Monta\u00f1a FACV<\/td><td style=\"text-align: center;\"><a href=\"https:\/\/fedacv.com\/wp-content\/uploads\/2021\/02\/5.1-Reg.-Deportivo-Montan%CC%83a-2021-APROBADO1.pdf\" target=\"_blank\" rel=\"noopener\"><img decoding=\"async\" class=\" size-full wp-image-44\" src=\"https:\/\/aiaweb.net\/wp-content\/uploads\/2020\/07\/Flecha_Der_40x40.jpg\" alt=\"\" width=\"30\" \/><\/a><\/td><\/tr><tr><td>Reglamentos T\u00e9cnicos FACV<\/td><td style=\"text-align: center;\"><a href=\"https:\/\/fedacv.com\/area-tecnica\/\" target=\"_blank\" rel=\"noopener\"><img decoding=\"async\" class=\" size-full wp-image-44\" src=\"https:\/\/aiaweb.net\/wp-content\/uploads\/2020\/07\/Flecha_Der_40x40.jpg\" alt=\"\" width=\"30\" \/><\/a><\/td><\/tr><tr><td>Ficha equipamiento seguridad Monta\u00f1a FACV<\/td><td style=\"text-align: center;\"><a href=\"https:\/\/fedacv.com\/wp-content\/uploads\/2020\/02\/ficha_equipamiento_seguridad_FACV_2020.pdf\" target=\"_blank\" rel=\"noopener\"><img decoding=\"async\" class=\" size-full wp-image-45\" src=\"https:\/\/aiaweb.net\/wp-content\/uploads\/2020\/07\/Logo_pdf_40x40.jpg\" alt=\"\" width=\"30\" \/><\/a><\/td><\/tr><tr><td>Protocolo Sanitario COVID-19 de la FACV<\/td><td style=\"text-align: center;\"><a href=\"https:\/\/drive.google.com\/file\/d\/1sUSzmmTLmLvTd4PuGAklmeO74obZp1cb\/view?usp=sharing\" target=\"_blank\" rel=\"noopener\"><img decoding=\"async\" class=\" size-full wp-image-47\" src=\"https:\/\/aiaweb.net\/wp-content\/uploads\/2020\/07\/Logo_Covid.jpg\" alt=\"\" width=\"40\" srcset=\"https:\/\/aiaweb.net\/wp-content\/uploads\/2020\/07\/Logo_Covid.jpg 640w, https:\/\/aiaweb.net\/wp-content\/uploads\/2020\/07\/Logo_Covid-300x225.jpg 300w\" sizes=\"(max-width: 640px) 100vw, 640px\" \/><\/a><\/td><\/tr><tr><td><span style=\"color: #ff0000;\"><strong>OTROS Documentos &#8211; COMUNES<\/strong><\/span><\/td><td><strong><span style=\"color: #ff0000;\">Acceder<\/span><\/strong><\/td><\/tr><tr><td>Programa Horario<\/td><td style=\"text-align: center;\"><a href=\"https:\/\/drive.google.com\/file\/d\/1gIIyxj9wwAMhBprwopadkTRc4MUNW1OT\/view?usp=sharing\" target=\"_blank\" rel=\"noopener\"><img decoding=\"async\" class=\" size-full wp-image-46\" src=\"https:\/\/aiaweb.net\/wp-content\/uploads\/2020\/07\/lupa_40x40.jpg\" alt=\"\" width=\"30\" \/><\/a><\/td><\/tr><tr><td>Planos Recorrido y Ubicaciones de la Subida<\/td><td style=\"text-align: center;\"><a href=\"https:\/\/drive.google.com\/file\/d\/1qgWChyCi0QEQjk_MWi4GXI5QTeGvBOv4\/view?usp=sharing\" target=\"_blank\" rel=\"noopener\"><img decoding=\"async\" class=\" size-full wp-image-46\" src=\"https:\/\/aiaweb.net\/wp-content\/uploads\/2020\/07\/lupa_40x40.jpg\" alt=\"\" width=\"30\" \/><\/a><\/td><\/tr><tr><td>Puntos de Seguridad y Detalles del Recorrido en Google<\/td><td style=\"text-align: center;\"><a href=\"https:\/\/www.google.com\/maps\/d\/edit?mid=1A1BPMxQxVVrlPwZCVuoIMj1aJDoIiM2j&amp;usp=sharing\" target=\"_blank\" rel=\"noopener\"><img decoding=\"async\" class=\" size-full wp-image-44\" src=\"https:\/\/aiaweb.net\/wp-content\/uploads\/2020\/07\/Flecha_Der_40x40.jpg\" alt=\"\" width=\"30\" \/><\/a><\/td><\/tr><tr><td><span style=\"color: #ff0000;\"><strong>Sobre el Performance Factor &#8211; PF<\/strong><\/span><\/td><td><strong><span style=\"color: #ff0000;\">Acceder<\/span><\/strong><\/td><\/tr><tr><td>Explicaci\u00f3n del Performance Factor FIA &#8211; PFF<\/td><td style=\"text-align: center;\"><a href=\"https:\/\/drive.google.com\/file\/d\/1TAd9paMM2D2B3-rchWh5mQu60Xxbgpvh\/view?usp=sharing\" target=\"_blank\" rel=\"noopener\"><img decoding=\"async\" class=\" size-full wp-image-46\" src=\"https:\/\/aiaweb.net\/wp-content\/uploads\/2020\/07\/lupa_40x40.jpg\" alt=\"\" width=\"30\" \/><\/a><\/td><\/tr><tr><td>V\u00eddeo Introducci\u00f3n al Performance Factor &#8211; PF<\/td><td style=\"text-align: center;\"><a href=\"https:\/\/youtu.be\/sWGkAaB0vqI\" target=\"_blank\" rel=\"noopener\"><img decoding=\"async\" class=\" size-full wp-image-46\" src=\"https:\/\/aiaweb.net\/wp-content\/uploads\/2020\/07\/lupa_40x40.jpg\" alt=\"\" width=\"30\" \/><\/a><\/td><\/tr><tr><td>Datos necesarios para rellenar el PF<\/td><td style=\"text-align: center;\"><a href=\"https:\/\/drive.google.com\/file\/d\/1Ddx7-ERV4Hh3NgjuLJJ26nog1Ge45cYY\/view?usp=sharing\" target=\"_blank\" rel=\"noopener\"><img decoding=\"async\" class=\" size-full wp-image-46\" src=\"https:\/\/aiaweb.net\/wp-content\/uploads\/2020\/07\/lupa_40x40.jpg\" alt=\"\" width=\"30\" \/><\/a><\/td><\/tr><tr><td>Manual Ayuda PF<\/td><td style=\"text-align: center;\"><a href=\"https:\/\/performancefactor.fia.com\/assets\/PF-APP-Guidelines_ES.pdf\" target=\"_blank\" rel=\"noopener\"><img decoding=\"async\" class=\" size-full wp-image-46\" src=\"https:\/\/aiaweb.net\/wp-content\/uploads\/2020\/07\/lupa_40x40.jpg\" alt=\"\" width=\"30\" \/><\/a><\/td><\/tr><\/tbody><\/table><p style=\"text-align: center;\"><span style=\"text-decoration: underline; font-size: 14pt;\"><strong><a href=\"https:\/\/aiaweb.net\/\">VOLVER a p\u00e1gina principal<\/a><\/strong><\/span><\/p>\t\t\t\t\t\t\t\t<\/div>\n\t\t\t\t<\/div>\n\t\t\t\t\t<\/div>\n\t\t\t\t<\/div>\n\t\t\t\t<\/div>\n\t\t","protected":false},"excerpt":{"rendered":"<p>Documentos y Reglamentos para Participantes Campeonato de Espa\u00f1a de Monta\u00f1a &#8211; CEM &#8211; RFEdA Permiso de Organizaci\u00f3n de la RFEdA Reglamento Particular CEM Reglamento Deportivo Monta\u00f1a CEM Reglamento T\u00e9cnico CEM Recordatorio Concursantes CEM Ficha Equipamiento de Seguridad Participantes CEM Otros Reglamentos y Anexos CEM (RFEdA) Protocolo Sanitario COVID-19 de la RFEdA Campeonato de Monta\u00f1a de [&hellip;]<\/p>\n","protected":false},"author":1,"featured_media":77,"comment_status":"closed","ping_status":"","sticky":false,"template":"","format":"standard","meta":{"_eb_attr":"","site-sidebar-layout":"default","site-content-layout":"","ast-site-content-layout":"default","site-content-style":"default","site-sidebar-style":"default","ast-global-header-display":"","ast-banner-title-visibility":"","ast-main-header-display":"","ast-hfb-above-header-display":"","ast-hfb-below-header-display":"","ast-hfb-mobile-header-display":"","site-post-title":"","ast-breadcrumbs-content":"","ast-featured-img":"","footer-sml-layout":"","ast-disable-related-posts":"","theme-transparent-header-meta":"","adv-header-id-meta":"","stick-header-meta":"","header-above-stick-meta":"","header-main-stick-meta":"","header-below-stick-meta":"","astra-migrate-meta-layouts":"default","ast-page-background-enabled":"default","ast-page-background-meta":{"desktop":{"background-color":"var(--ast-global-color-4)","background-image":"","background-repeat":"repeat","background-position":"center center","background-size":"auto","background-attachment":"scroll","background-type":"","background-media":"","overlay-type":"","overlay-color":"","overlay-opacity":"","overlay-gradient":""},"tablet":{"background-color":"","background-image":"","background-repeat":"repeat","background-position":"center center","background-size":"auto","background-attachment":"scroll","background-type":"","background-media":"","overlay-type":"","overlay-color":"","overlay-opacity":"","overlay-gradient":""},"mobile":{"background-color":"","background-image":"","background-repeat":"repeat","background-position":"center center","background-size":"auto","background-attachment":"scroll","background-type":"","background-media":"","overlay-type":"","overlay-color":"","overlay-opacity":"","overlay-gradient":""}},"ast-content-background-meta":{"desktop":{"background-color":"var(--ast-global-color-5)","background-image":"","background-repeat":"repeat","background-position":"center center","background-size":"auto","background-attachment":"scroll","background-type":"","background-media":"","overlay-type":"","overlay-color":"","overlay-opacity":"","overlay-gradient":""},"tablet":{"background-color":"var(--ast-global-color-5)","background-image":"","background-repeat":"repeat","background-position":"center center","background-size":"auto","background-attachment":"scroll","background-type":"","background-media":"","overlay-type":"","overlay-color":"","overlay-opacity":"","overlay-gradient":""},"mobile":{"background-color":"var(--ast-global-color-5)","background-image":"","background-repeat":"repeat","background-position":"center center","background-size":"auto","background-attachment":"scroll","background-type":"","background-media":"","overlay-type":"","overlay-color":"","overlay-opacity":"","overlay-gradient":""}},"footnotes":""},"categories":[7],"tags":[64,14,55,51,61,48,62,67,47,12,53,49,59,52,63],"class_list":["post-81","post","type-post","status-publish","format-standard","has-post-thumbnail","hentry","category-2-subida-bolulla-2021","tag-64","tag-aia","tag-automovilismo","tag-bolulla","tag-campeonato","tag-cem","tag-comunidad","tag-documentos","tag-espana","tag-facv","tag-montana","tag-rfeda","tag-subida","tag-tarbena","tag-valenciana"],"_links":{"self":[{"href":"https:\/\/aiaweb.net\/index.php?rest_route=\/wp\/v2\/posts\/81","targetHints":{"allow":["GET"]}}],"collection":[{"href":"https:\/\/aiaweb.net\/index.php?rest_route=\/wp\/v2\/posts"}],"about":[{"href":"https:\/\/aiaweb.net\/index.php?rest_route=\/wp\/v2\/types\/post"}],"author":[{"embeddable":true,"href":"https:\/\/aiaweb.net\/index.php?rest_route=\/wp\/v2\/users\/1"}],"replies":[{"embeddable":true,"href":"https:\/\/aiaweb.net\/index.php?rest_route=%2Fwp%2Fv2%2Fcomments&post=81"}],"version-history":[{"count":10,"href":"https:\/\/aiaweb.net\/index.php?rest_route=\/wp\/v2\/posts\/81\/revisions"}],"predecessor-version":[{"id":279,"href":"https:\/\/aiaweb.net\/index.php?rest_route=\/wp\/v2\/posts\/81\/revisions\/279"}],"wp:featuredmedia":[{"embeddable":true,"href":"https:\/\/aiaweb.net\/index.php?rest_route=\/wp\/v2\/media\/77"}],"wp:attachment":[{"href":"https:\/\/aiaweb.net\/index.php?rest_route=%2Fwp%2Fv2%2Fmedia&parent=81"}],"wp:term":[{"taxonomy":"category","embeddable":true,"href":"https:\/\/aiaweb.net\/index.php?rest_route=%2Fwp%2Fv2%2Fcategories&post=81"},{"taxonomy":"post_tag","embeddable":true,"href":"https:\/\/aiaweb.net\/index.php?rest_route=%2Fwp%2Fv2%2Ftags&post=81"}],"curies":[{"name":"wp","href":"https:\/\/api.w.org\/{rel}","templated":true}]}}